{"id":1357,"date":"2019-03-08T14:39:43","date_gmt":"2019-03-08T13:39:43","guid":{"rendered":"http:\/\/www.judo-lengede.de\/?p=1357"},"modified":"2019-03-08T14:39:43","modified_gmt":"2019-03-08T13:39:43","slug":"2-vision-cup-in-lengede","status":"publish","type":"post","link":"http:\/\/www.judo-lengede.de\/?p=1357","title":{"rendered":"2. Vision-Cup in Lengede"},"content":{"rendered":"\n<p>Am 24. und 25 Februar startete nun das zweite Wettkampfwochenende mit dem Vision-Cup in der Lengeder Kreissporthalle.<\/p>\n\n\n\n<p>Die Judoabteilung des\u00a0Turnerbund Lengede hatte, wenn auch nicht Veranstalter, wieder einen gro\u00dfen Teil an Helfern w\u00e4hrend des Turnier gestellt.<\/p>\n\n\n\n<p>Neben dem Auf- und Abbau der gut 600 Matten, belegten Lengeder Judoka\u00a0neben anderen Vereinen einen Gro\u00dfteil der Kampfrichtertische und stellten mit Vincent Lickfett sogar einen Kampfrichter.<\/p>\n\n\n\n<p>Verw\u00f6hnt wurden die K\u00e4mpfer und G\u00e4ste am Sonntag von den Eltern einiger Judoka des TBL mit Essenspenden. Hier gab es von vielen G\u00e4sten und Teilnehmern positive R\u00fcckmeldungen zu der Vielfalt und Qualit\u00e4t der angebotenen Speisen.<br><\/p>\n\n\n\n<p>Die <em>gro\u00dfen<\/em> Erfolge beim Turnier blieben diesmal aus.<\/p>\n\n\n\n<p>Das\nlag zum einen an dem hohen Niveau der anderen Vereine. Diese schickten unter\nanderem bundesl\u00e4nder\u00fcbergreifend K\u00e4mpfer aus Brandenburg und Sachsen-Anhalt auf\ndie&nbsp;Matte.<\/p>\n\n\n\n<p>Des\nWeiteren hatte der TBL junge K\u00e4mpfer am Start, welche in diesem Jahr in neue\nAltersklassen antreten&nbsp;mussten und somit Erfahrungen sammelten.<\/p>\n\n\n\n<p>Dennoch\nhatten wir auch&nbsp;erfolgreiche Judoka im Wettkampf, welche sich\nAchtungserfolge&nbsp;erk\u00e4mpft haben.<\/p>\n\n\n\n<p>Lea Wrede setzte sich mit starkem Siegeswillen und guten Techniken durch. Mit einer Selbstfalltechnik\u00a0kam sie zu einem besonders sch\u00f6nen Sieg.<br>Am Ende gewann sie den zweiten Platz und verdiente sich die silberne Medaille.<\/p>\n\n\n\n<p>Unser derzeitige Wettkampfbeauftragter Philipp Forstmann setzte sich bei einem seiner eigenen K\u00e4mpfe\u00a0sehr stark gegen einen Gegner mit seiner Wettkampferfahrung durch und errang ebenso den zweiten Platz.<\/p>\n\n\n\n<p>\u00dcberschattet wurde das Turnier in den eigenen Reihen durch eine schlimme Verletzung eines Judoka vom TBL.<br>Nachdem er mit\u00a0einem Schulterwurf geworfen wurde, fiel er so ungl\u00fccklich auf das eigene Schl\u00fcsselbein, dass er in einem Krankenhaus weiter behandelt werden musste.<\/p>\n\n\n\n<p><br>Hier unsere Platzierungen auf dem Podest:<\/p>\n\n\n\n<p>2. Platz:<br>Lea Wrede<br>Philipp Forstmann<br>Eric Rogowski<br>Mathis L\u00f6per<br><br>3. Platz:<br>Clemens Lickfett<\/p>\n\n\n\n<figure class=\"wp-block-image\"><img loading=\"lazy\" width=\"1024\" height=\"768\" src=\"http:\/\/www.judo-lengede.de\/wp-content\/uploads\/2019\/03\/a66283cd-585d-4a99-af37-c4b286cb0622-1024x768.jpg\" alt=\"\" class=\"wp-image-1358\" srcset=\"http:\/\/www.judo-lengede.de\/wp-content\/uploads\/2019\/03\/a66283cd-585d-4a99-af37-c4b286cb0622-1024x768.jpg 1024w, http:\/\/www.judo-lengede.de\/wp-content\/uploads\/2019\/03\/a66283cd-585d-4a99-af37-c4b286cb0622-300x225.jpg 300w, http:\/\/www.judo-lengede.de\/wp-content\/uploads\/2019\/03\/a66283cd-585d-4a99-af37-c4b286cb0622-768x576.jpg 768w, http:\/\/www.judo-lengede.de\/wp-content\/uploads\/2019\/03\/a66283cd-585d-4a99-af37-c4b286cb0622.jpg 1600w\" sizes=\"(max-width: 1024px) 100vw, 1024px\" \/><figcaption>Wettkampftag mit K\u00e4mpfern des TBL im Vordergrund<\/figcaption><\/figure>\n\n\n\n<figure class=\"wp-block-image\"><img loading=\"lazy\" width=\"848\" height=\"482\" src=\"http:\/\/www.judo-lengede.de\/wp-content\/uploads\/2019\/03\/vlcsnap-00001.png\" alt=\"\" class=\"wp-image-1359\" srcset=\"http:\/\/www.judo-lengede.de\/wp-content\/uploads\/2019\/03\/vlcsnap-00001.png 848w, http:\/\/www.judo-lengede.de\/wp-content\/uploads\/2019\/03\/vlcsnap-00001-300x171.png 300w, http:\/\/www.judo-lengede.de\/wp-content\/uploads\/2019\/03\/vlcsnap-00001-768x437.png 768w\" sizes=\"(max-width: 848px) 100vw, 848px\" \/><figcaption>Lea Wrede mit Ihrer Selbstfalltechnik als Konter<\/figcaption><\/figure>\n","protected":false},"excerpt":{"rendered":"<p>Am 24. und 25 Februar startete nun das zweite Wettkampfwochenende mit dem Vision-Cup in der Lengeder Kreissporthalle. Die Judoabteilung des\u00a0Turnerbund Lengede hatte, wenn auch nicht Veranstalter, wieder einen gro\u00dfen Teil an Helfern w\u00e4hrend des Turnier gestellt. Neben dem Auf- und Abbau der gut 600 Matten, belegten Lengeder Judoka\u00a0neben anderen Vereinen einen Gro\u00dfteil der Kampfrichtertische und &hellip; <a href=\"http:\/\/www.judo-lengede.de\/?p=1357\" class=\"more-link\"><span class=\"screen-reader-text\">2. Vision-Cup in Lengede<\/span> weiterlesen<\/a><\/p>\n","protected":false},"author":3,"featured_media":0,"comment_status":"open","ping_status":"open","sticky":false,"template":"","format":"standard","meta":[],"categories":[1],"tags":[],"_links":{"self":[{"href":"http:\/\/www.judo-lengede.de\/index.php?rest_route=\/wp\/v2\/posts\/1357"}],"collection":[{"href":"http:\/\/www.judo-lengede.de\/index.php?rest_route=\/wp\/v2\/posts"}],"about":[{"href":"http:\/\/www.judo-lengede.de\/index.php?rest_route=\/wp\/v2\/types\/post"}],"author":[{"embeddable":true,"href":"http:\/\/www.judo-lengede.de\/index.php?rest_route=\/wp\/v2\/users\/3"}],"replies":[{"embeddable":true,"href":"http:\/\/www.judo-lengede.de\/index.php?rest_route=%2Fwp%2Fv2%2Fcomments&post=1357"}],"version-history":[{"count":1,"href":"http:\/\/www.judo-lengede.de\/index.php?rest_route=\/wp\/v2\/posts\/1357\/revisions"}],"predecessor-version":[{"id":1360,"href":"http:\/\/www.judo-lengede.de\/index.php?rest_route=\/wp\/v2\/posts\/1357\/revisions\/1360"}],"wp:attachment":[{"href":"http:\/\/www.judo-lengede.de\/index.php?rest_route=%2Fwp%2Fv2%2Fmedia&parent=1357"}],"wp:term":[{"taxonomy":"category","embeddable":true,"href":"http:\/\/www.judo-lengede.de\/index.php?rest_route=%2Fwp%2Fv2%2Fcategories&post=1357"},{"taxonomy":"post_tag","embeddable":true,"href":"http:\/\/www.judo-lengede.de\/index.php?rest_route=%2Fwp%2Fv2%2Ftags&post=1357"}],"curies":[{"name":"wp","href":"https:\/\/api.w.org\/{rel}","templated":true}]}}