{"id":1401,"date":"2019-07-19T22:08:55","date_gmt":"2019-07-19T21:08:55","guid":{"rendered":"http:\/\/www.judo-lengede.de\/?p=1401"},"modified":"2019-07-19T22:08:55","modified_gmt":"2019-07-19T21:08:55","slug":"neuer-spartenleiter-beim-tbl-judo","status":"publish","type":"post","link":"http:\/\/www.judo-lengede.de\/?p=1401","title":{"rendered":"Neuer Spartenleiter beim TBL-Judo"},"content":{"rendered":"\n<p>Am 2. Juli 2019 ist Kerstin von Ihrem Amt als Spartenleiterin zur\u00fcckgetreten.<br><br>Am selben Tag wurde von allen Trainern und vollj\u00e4hrigen \u00dcbungsleiterhelfern <strong>Maico Rother<\/strong> einstimmig gew\u00e4hlt.<\/p>\n\n\n\n<p><em>Was \u00e4ndert sich?<\/em><\/p>\n\n\n\n<p><strong>NIX!<\/strong><br>Denn das Training l\u00e4uft mit allen TrainerInnen weiter wie bisher.<\/p>\n\n\n\n<p>Um ein abwechslungsreicheres und weiterhin interessantes Training anbieten zu k\u00f6nnen, werde die Trainereins\u00e4tze in der mittleren und gro\u00dfen Gruppe besser verteilt.<\/p>\n\n\n\n<p>Maico wird neben Marten Gey demn\u00e4chst seine Trainer C-Lizenz abschlie\u00dfen und intensiv mit in das Trainergesch\u00e4ft einsteigen.<\/p>\n\n\n\n<p>Wir &#8222;alten&#8220; Trainer werden beide bei ihren zuk\u00fcnftigen Aufgaben tatkr\u00e4ftig unterst\u00fctzen.<\/p>\n\n\n\n<p>Wir hoffen auch weiterhin auf die Unterst\u00fctzung aus den Judoka-Eltern-Reihen.<br>Denn nur mit ihnen\/euch sind erfolgreiche und gro\u00dfe Veranstaltungen m\u00f6glich. <\/p>\n\n\n\n<p>Wir w\u00fcnschen unserem neuen Spartenleiter viel Erfolg bei seinen neuen Aufgaben.<\/p>\n\n\n\n<p>Mit sportlichen Gr\u00fc\u00dfen<br>Didi<\/p>\n","protected":false},"excerpt":{"rendered":"<p>Am 2. Juli 2019 ist Kerstin von Ihrem Amt als Spartenleiterin zur\u00fcckgetreten. Am selben Tag wurde von allen Trainern und vollj\u00e4hrigen \u00dcbungsleiterhelfern Maico Rother einstimmig gew\u00e4hlt. Was \u00e4ndert sich? NIX!Denn das Training l\u00e4uft mit allen TrainerInnen weiter wie bisher. Um ein abwechslungsreicheres und weiterhin interessantes Training anbieten zu k\u00f6nnen, werde die Trainereins\u00e4tze in der mittleren &hellip; <a href=\"http:\/\/www.judo-lengede.de\/?p=1401\" class=\"more-link\"><span class=\"screen-reader-text\">Neuer Spartenleiter beim TBL-Judo<\/span> weiterlesen<\/a><\/p>\n","protected":false},"author":3,"featured_media":0,"comment_status":"open","ping_status":"open","sticky":false,"template":"","format":"standard","meta":[],"categories":[1],"tags":[],"_links":{"self":[{"href":"http:\/\/www.judo-lengede.de\/index.php?rest_route=\/wp\/v2\/posts\/1401"}],"collection":[{"href":"http:\/\/www.judo-lengede.de\/index.php?rest_route=\/wp\/v2\/posts"}],"about":[{"href":"http:\/\/www.judo-lengede.de\/index.php?rest_route=\/wp\/v2\/types\/post"}],"author":[{"embeddable":true,"href":"http:\/\/www.judo-lengede.de\/index.php?rest_route=\/wp\/v2\/users\/3"}],"replies":[{"embeddable":true,"href":"http:\/\/www.judo-lengede.de\/index.php?rest_route=%2Fwp%2Fv2%2Fcomments&post=1401"}],"version-history":[{"count":1,"href":"http:\/\/www.judo-lengede.de\/index.php?rest_route=\/wp\/v2\/posts\/1401\/revisions"}],"predecessor-version":[{"id":1402,"href":"http:\/\/www.judo-lengede.de\/index.php?rest_route=\/wp\/v2\/posts\/1401\/revisions\/1402"}],"wp:attachment":[{"href":"http:\/\/www.judo-lengede.de\/index.php?rest_route=%2Fwp%2Fv2%2Fmedia&parent=1401"}],"wp:term":[{"taxonomy":"category","embeddable":true,"href":"http:\/\/www.judo-lengede.de\/index.php?rest_route=%2Fwp%2Fv2%2Fcategories&post=1401"},{"taxonomy":"post_tag","embeddable":true,"href":"http:\/\/www.judo-lengede.de\/index.php?rest_route=%2Fwp%2Fv2%2Ftags&post=1401"}],"curies":[{"name":"wp","href":"https:\/\/api.w.org\/{rel}","templated":true}]}}