{"id":1483,"date":"2020-03-04T21:28:08","date_gmt":"2020-03-04T20:28:08","guid":{"rendered":"http:\/\/www.judo-lengede.de\/?p=1483"},"modified":"2020-03-04T21:58:59","modified_gmt":"2020-03-04T20:58:59","slug":"judojahr-2020","status":"publish","type":"post","link":"http:\/\/www.judo-lengede.de\/?p=1483","title":{"rendered":"Judojahr 2020"},"content":{"rendered":"\n<p>Nun sind schon wieder einige Wochen und Monate ins Land gegangen und das Judotraining ist in der neuen Konstellation am Laufen.<\/p>\n\n\n\n<p>Am 22. und 23. Februar, gab es in diesem Jahr wieder eine Gro\u00dfveranstaltung, welche von der Judoregion Braunschweig (JRB) ausgerichtet wurde.<\/p>\n\n\n\n<p>Diese rief viele Helfer aus der Region zusammen.<br>Da durften die tatkr\u00e4ftigen Helfer vom TBL nat\u00fcrlich nicht fehlen.<br>Neben unserer heimatlichen Trainingshalle und unseren Matten, stellten sich wieder einige Judoeltern am zweiten Kampftag f\u00fcr die Cafeteria und Judoka als Auf-, Abbauhelfer und Besetzung der Kampfrichtertische zu Verf\u00fcgung.<br><strong>Hierf\u00fcr einen herzlichen Dank an dieser Stelle<\/strong>!<br>Wie immer funktioniert eine Ausrichtung eines so gro\u00dfen Turnier nur mit vielen Freiwilligen.<\/p>\n\n\n\n<p>Sportlich gesehen war die Beteiligung unserer Judoka leider trotz Werbung beim Training und auf dieser Internetseite mit gerade mal sechs K\u00e4mpfern  schwach.<br>Wir Trainer m\u00fcssen an einer h\u00f6heren  Motivation aller Judoka vom TBL f\u00fcr aktive K\u00e4mpfe arbeiten und erwarten, gerade von unserem Nachwuchs, eine gr\u00f6\u00dfere Kampfbereitschaft.<\/p>\n\n\n\n<p>Pers\u00f6nlich sind mir zur Zeit nur zwei Platzierungen von den Wettkampftagen bekannt.<br>Jeweils den vierten Platz erk\u00e4mpften sich Philipp Forstmann und Vincent Lickfett.<\/p>\n\n\n\n<p><em>Judo ist ohne Wettkampf kein Judo! <\/em><br>Also beachtet bitte die aktuellen Termine der n\u00e4chsten Wettk\u00e4mpfe oder sprecht den Wettkampfbeauftragten Philipp Forstmann an.<\/p>\n\n\n\n<p><em>Hajime!<\/em><\/p>\n\n\n\n<p><strong>Im Oktober<\/strong> findet der Tag der offen T\u00fcr in der Kreissporthalle Lengede statt. Alle Sparten des TBL pr\u00e4sentieren sich zum 100-j\u00e4hrigen Vereinsjubil\u00e4um.<br>So auch unsere Judo-Sparte mit allen Judoka, die dort mit einer kleinen Vorf\u00fchrung auftreten werden.<br>Eingeladen dazu sind alle Verwandte und Interessierte, welche sich \u00fcber Judo, aber auch alle anderen Sportarten des TBL informieren m\u00f6chten.<\/p>\n\n\n\n<p><\/p>\n","protected":false},"excerpt":{"rendered":"<p>Nun sind schon wieder einige Wochen und Monate ins Land gegangen und das Judotraining ist in der neuen Konstellation am Laufen. Am 22. und 23. Februar, gab es in diesem Jahr wieder eine Gro\u00dfveranstaltung, welche von der Judoregion Braunschweig (JRB) ausgerichtet wurde. Diese rief viele Helfer aus der Region zusammen.Da durften die tatkr\u00e4ftigen Helfer vom &hellip; <a href=\"http:\/\/www.judo-lengede.de\/?p=1483\" class=\"more-link\"><span class=\"screen-reader-text\">Judojahr 2020<\/span> weiterlesen<\/a><\/p>\n","protected":false},"author":3,"featured_media":0,"comment_status":"open","ping_status":"open","sticky":false,"template":"","format":"standard","meta":[],"categories":[1],"tags":[],"_links":{"self":[{"href":"http:\/\/www.judo-lengede.de\/index.php?rest_route=\/wp\/v2\/posts\/1483"}],"collection":[{"href":"http:\/\/www.judo-lengede.de\/index.php?rest_route=\/wp\/v2\/posts"}],"about":[{"href":"http:\/\/www.judo-lengede.de\/index.php?rest_route=\/wp\/v2\/types\/post"}],"author":[{"embeddable":true,"href":"http:\/\/www.judo-lengede.de\/index.php?rest_route=\/wp\/v2\/users\/3"}],"replies":[{"embeddable":true,"href":"http:\/\/www.judo-lengede.de\/index.php?rest_route=%2Fwp%2Fv2%2Fcomments&post=1483"}],"version-history":[{"count":5,"href":"http:\/\/www.judo-lengede.de\/index.php?rest_route=\/wp\/v2\/posts\/1483\/revisions"}],"predecessor-version":[{"id":1489,"href":"http:\/\/www.judo-lengede.de\/index.php?rest_route=\/wp\/v2\/posts\/1483\/revisions\/1489"}],"wp:attachment":[{"href":"http:\/\/www.judo-lengede.de\/index.php?rest_route=%2Fwp%2Fv2%2Fmedia&parent=1483"}],"wp:term":[{"taxonomy":"category","embeddable":true,"href":"http:\/\/www.judo-lengede.de\/index.php?rest_route=%2Fwp%2Fv2%2Fcategories&post=1483"},{"taxonomy":"post_tag","embeddable":true,"href":"http:\/\/www.judo-lengede.de\/index.php?rest_route=%2Fwp%2Fv2%2Ftags&post=1483"}],"curies":[{"name":"wp","href":"https:\/\/api.w.org\/{rel}","templated":true}]}}