{"id":1493,"date":"2020-03-10T22:34:19","date_gmt":"2020-03-10T21:34:19","guid":{"rendered":"http:\/\/www.judo-lengede.de\/?p=1493"},"modified":"2020-09-19T13:39:51","modified_gmt":"2020-09-19T12:39:51","slug":"auszug-zu-den-empfehlungen-vom-njv-zum-umgang-mit-dem-coronavirus-covid-19","status":"publish","type":"post","link":"http:\/\/www.judo-lengede.de\/?p=1493","title":{"rendered":"Auszug zu den Empfehlungen vom NJV zum Umgang mit dem Coronavirus (COVID-19)"},"content":{"rendered":"\n<p>Der Sportverkehr im NJV auf Kreis-, Regions-, Bezirks- und Landesebene (Wettkampfma\u00dfnahmen und Lehrg\u00e4nge) ist mit dem Stand vom 10.03.2020 von Absagen <strong>nicht<\/strong> betroffen. Da sich die Lage t\u00e4glich \u00e4ndern kann, empfiehlt der NJV allen Teilnehmer*innen, sich auf den Medien des <a href=\"https:\/\/www.njv.de\">NJV<\/a> \u00fcber etwaige Absagen zu informieren. Die Entscheidung, ob Ma\u00dfnahmen abgesagt werden m\u00fcssen, wird eng mit den Ma\u00dfnahmenverantwortlichen innerhalb des NJV und ggf. in Abstimmung mit den lokalen Gesundheitsbeh\u00f6rden getroffen.<br><\/p>\n\n\n\n<p><strong>Empfehlung f\u00fcr Vereine:<\/strong><\/p>\n\n\n\n<p><em>&#8211; Bei erk\u00e4ltungsartigen Symptomen sollten Judoka \u2013 <strong>unabh\u00e4ngig vom Corona-Virus<\/strong> \u2013 nicht am Training teilnehmen.<br>&#8211; H\u00e4nde sollten vor und nach dem Training gewaschen und Desinfektionsmittel verwendet werden.<\/em><\/p>\n","protected":false},"excerpt":{"rendered":"<p>Der Sportverkehr im NJV auf Kreis-, Regions-, Bezirks- und Landesebene (Wettkampfma\u00dfnahmen und Lehrg\u00e4nge) ist mit dem Stand vom 10.03.2020 von Absagen nicht betroffen. Da sich die Lage t\u00e4glich \u00e4ndern kann, empfiehlt der NJV allen Teilnehmer*innen, sich auf den Medien des NJV \u00fcber etwaige Absagen zu informieren. Die Entscheidung, ob Ma\u00dfnahmen abgesagt werden m\u00fcssen, wird eng &hellip; <a href=\"http:\/\/www.judo-lengede.de\/?p=1493\" class=\"more-link\"><span class=\"screen-reader-text\">Auszug zu den Empfehlungen vom NJV zum Umgang mit dem Coronavirus (COVID-19)<\/span> weiterlesen<\/a><\/p>\n","protected":false},"author":3,"featured_media":0,"comment_status":"open","ping_status":"open","sticky":false,"template":"","format":"standard","meta":[],"categories":[1],"tags":[],"_links":{"self":[{"href":"http:\/\/www.judo-lengede.de\/index.php?rest_route=\/wp\/v2\/posts\/1493"}],"collection":[{"href":"http:\/\/www.judo-lengede.de\/index.php?rest_route=\/wp\/v2\/posts"}],"about":[{"href":"http:\/\/www.judo-lengede.de\/index.php?rest_route=\/wp\/v2\/types\/post"}],"author":[{"embeddable":true,"href":"http:\/\/www.judo-lengede.de\/index.php?rest_route=\/wp\/v2\/users\/3"}],"replies":[{"embeddable":true,"href":"http:\/\/www.judo-lengede.de\/index.php?rest_route=%2Fwp%2Fv2%2Fcomments&post=1493"}],"version-history":[{"count":1,"href":"http:\/\/www.judo-lengede.de\/index.php?rest_route=\/wp\/v2\/posts\/1493\/revisions"}],"predecessor-version":[{"id":1494,"href":"http:\/\/www.judo-lengede.de\/index.php?rest_route=\/wp\/v2\/posts\/1493\/revisions\/1494"}],"wp:attachment":[{"href":"http:\/\/www.judo-lengede.de\/index.php?rest_route=%2Fwp%2Fv2%2Fmedia&parent=1493"}],"wp:term":[{"taxonomy":"category","embeddable":true,"href":"http:\/\/www.judo-lengede.de\/index.php?rest_route=%2Fwp%2Fv2%2Fcategories&post=1493"},{"taxonomy":"post_tag","embeddable":true,"href":"http:\/\/www.judo-lengede.de\/index.php?rest_route=%2Fwp%2Fv2%2Ftags&post=1493"}],"curies":[{"name":"wp","href":"https:\/\/api.w.org\/{rel}","templated":true}]}}