{"id":1566,"date":"2021-09-14T20:31:27","date_gmt":"2021-09-14T19:31:27","guid":{"rendered":"http:\/\/www.judo-lengede.de\/?p=1566"},"modified":"2021-09-14T20:33:41","modified_gmt":"2021-09-14T19:33:41","slug":"sommerferien-2021-vorbei-alles-auf-anfang","status":"publish","type":"post","link":"http:\/\/www.judo-lengede.de\/?p=1566","title":{"rendered":"Sommerferien 2021 vorbei &#8230; alles auf Anfang"},"content":{"rendered":"\n<p>Nach den Sommerferien haben wir wieder mit dem Training am Dienstag f\u00fcr die Kinder begonnen.<br>Die Trainingszeit am Dienstag geht von 17:00 Uhr bis 18:15 Uhr.<br>Ihr kommt \u00fcber den Notausgang der Halle auf Seite der Schwimmhalle rein.<\/p>\n\n\n\n<p>Die Gro\u00dfen waren bereits in den Ferien flei\u00dfig.<\/p>\n\n\n\n<h4>Jugendzeltlager und G\u00fcrtelpr\u00fcfung<\/h4>\n\n\n\n<p>Leonie Riedel war zum letztem Mal als Gast-&#8222;Kind&#8220; bei dem NJV-Zeltlager auf der Matte.<br>Dort hat sie durch die dort ans\u00e4ssige Pr\u00fcfer, ihren blauen G\u00fcrtel (2. Kyu) abgepr\u00fcft bekommen und bestanden.<br>Das war nach einer so langen Judopause eine respektable Leistung.<br>Im n\u00e4chsten Jahr m\u00f6chte sie bereits als Jugendbetreuerin teilnehmen.<br>Dazu m\u00f6chte Leonie in diesem Jahr noch einen Jugendleiter Kurs (Juleica) durchf\u00fchren.<\/p>\n\n\n\n<h4>Sommerschule<\/h4>\n\n\n\n<p>Auch einige &#8222;\u00c4lteren&#8220; Judoka waren in Hannover bei der Sommerschule.<br>Dazu folgt hier ein Bericht von Maico:<br><\/p>\n\n\n\n<p><em>&#8230;eine Woche NJV Judo Sommerschule in Hannover ist vorbei.<\/em><br><em>F\u00fcr Marten Gey, David-Marcel Meier und mich war es eine sehr intensive, anstrengende und lehrreiche Woche.<\/em><br><em>Die Teilnahme an dieser Veranstaltung k\u00f6nnen wir nur w\u00e4rmstens ans Herz legen.<\/em><br><em>Sehr viel Judo, gute Gesellschaft und leckeres Essen.<br>Neben vielen anderen interessanten Themen, haben David und Marten es geschafft, die Leistung f\u00fcr das Judo Sportabzeichen des NJV aufzubringen.<br>W\u00e4hrend ich mich mit der Vorbereitung auf den n\u00e4chsten G\u00fcrtel besch\u00e4ftigt habe, haben die Beiden alles gegeben, um die begehrte Auszeichnung zu erlangen.<\/em><br><em>Herzlichen Gl\u00fcckwunsch an euch Beide.<br>Viele Gr\u00fc\u00dfe<br>Maico Rother<\/em><\/p>\n\n\n\n<p>Hier ein paar Eindr\u00fccke im Bildformat:<\/p>\n\n\n\n<figure class=\"wp-block-gallery columns-3 is-cropped\"><ul class=\"blocks-gallery-grid\"><li class=\"blocks-gallery-item\"><figure><a href=\"http:\/\/www.judo-lengede.de\/wp-content\/uploads\/2021\/09\/PHOTO-2021-08-08-20-44-50-1.jpg\"><img loading=\"lazy\" width=\"300\" height=\"140\" src=\"http:\/\/www.judo-lengede.de\/wp-content\/uploads\/2021\/09\/PHOTO-2021-08-08-20-44-50-1-300x140.jpg\" alt=\"\" data-id=\"1567\" data-full-url=\"http:\/\/www.judo-lengede.de\/wp-content\/uploads\/2021\/09\/PHOTO-2021-08-08-20-44-50-1.jpg\" data-link=\"http:\/\/www.judo-lengede.de\/?attachment_id=1567\" class=\"wp-image-1567\" srcset=\"http:\/\/www.judo-lengede.de\/wp-content\/uploads\/2021\/09\/PHOTO-2021-08-08-20-44-50-1-300x140.jpg 300w, http:\/\/www.judo-lengede.de\/wp-content\/uploads\/2021\/09\/PHOTO-2021-08-08-20-44-50-1-1024x476.jpg 1024w, http:\/\/www.judo-lengede.de\/wp-content\/uploads\/2021\/09\/PHOTO-2021-08-08-20-44-50-1-768x357.jpg 768w, http:\/\/www.judo-lengede.de\/wp-content\/uploads\/2021\/09\/PHOTO-2021-08-08-20-44-50-1-1536x714.jpg 1536w, http:\/\/www.judo-lengede.de\/wp-content\/uploads\/2021\/09\/PHOTO-2021-08-08-20-44-50-1.jpg 1600w\" sizes=\"(max-width: 300px) 100vw, 300px\" \/><\/a><\/figure><\/li><li class=\"blocks-gallery-item\"><figure><a href=\"http:\/\/www.judo-lengede.de\/wp-content\/uploads\/2021\/09\/PHOTO-2021-08-08-20-44-50-2.jpg\"><img loading=\"lazy\" width=\"200\" height=\"300\" src=\"http:\/\/www.judo-lengede.de\/wp-content\/uploads\/2021\/09\/PHOTO-2021-08-08-20-44-50-2-200x300.jpg\" alt=\"\" data-id=\"1568\" data-full-url=\"http:\/\/www.judo-lengede.de\/wp-content\/uploads\/2021\/09\/PHOTO-2021-08-08-20-44-50-2.jpg\" data-link=\"http:\/\/www.judo-lengede.de\/?attachment_id=1568\" class=\"wp-image-1568\" srcset=\"http:\/\/www.judo-lengede.de\/wp-content\/uploads\/2021\/09\/PHOTO-2021-08-08-20-44-50-2-200x300.jpg 200w, http:\/\/www.judo-lengede.de\/wp-content\/uploads\/2021\/09\/PHOTO-2021-08-08-20-44-50-2-682x1024.jpg 682w, http:\/\/www.judo-lengede.de\/wp-content\/uploads\/2021\/09\/PHOTO-2021-08-08-20-44-50-2-768x1153.jpg 768w, http:\/\/www.judo-lengede.de\/wp-content\/uploads\/2021\/09\/PHOTO-2021-08-08-20-44-50-2-1023x1536.jpg 1023w, http:\/\/www.judo-lengede.de\/wp-content\/uploads\/2021\/09\/PHOTO-2021-08-08-20-44-50-2.jpg 1066w\" sizes=\"(max-width: 200px) 100vw, 200px\" \/><\/a><\/figure><\/li><li class=\"blocks-gallery-item\"><figure><a href=\"http:\/\/www.judo-lengede.de\/wp-content\/uploads\/2021\/09\/PHOTO-2021-08-08-20-44-50.jpg\"><img loading=\"lazy\" width=\"200\" height=\"300\" src=\"http:\/\/www.judo-lengede.de\/wp-content\/uploads\/2021\/09\/PHOTO-2021-08-08-20-44-50-200x300.jpg\" alt=\"\" data-id=\"1569\" data-full-url=\"http:\/\/www.judo-lengede.de\/wp-content\/uploads\/2021\/09\/PHOTO-2021-08-08-20-44-50.jpg\" data-link=\"http:\/\/www.judo-lengede.de\/?attachment_id=1569\" class=\"wp-image-1569\" srcset=\"http:\/\/www.judo-lengede.de\/wp-content\/uploads\/2021\/09\/PHOTO-2021-08-08-20-44-50-200x300.jpg 200w, http:\/\/www.judo-lengede.de\/wp-content\/uploads\/2021\/09\/PHOTO-2021-08-08-20-44-50-682x1024.jpg 682w, http:\/\/www.judo-lengede.de\/wp-content\/uploads\/2021\/09\/PHOTO-2021-08-08-20-44-50-768x1153.jpg 768w, http:\/\/www.judo-lengede.de\/wp-content\/uploads\/2021\/09\/PHOTO-2021-08-08-20-44-50-1023x1536.jpg 1023w, http:\/\/www.judo-lengede.de\/wp-content\/uploads\/2021\/09\/PHOTO-2021-08-08-20-44-50.jpg 1066w\" sizes=\"(max-width: 200px) 100vw, 200px\" \/><\/a><\/figure><\/li><li class=\"blocks-gallery-item\"><figure><a href=\"http:\/\/www.judo-lengede.de\/wp-content\/uploads\/2021\/09\/PHOTO-2021-08-08-20-44-51-1.jpg\"><img loading=\"lazy\" width=\"300\" height=\"200\" src=\"http:\/\/www.judo-lengede.de\/wp-content\/uploads\/2021\/09\/PHOTO-2021-08-08-20-44-51-1-300x200.jpg\" alt=\"\" data-id=\"1570\" data-full-url=\"http:\/\/www.judo-lengede.de\/wp-content\/uploads\/2021\/09\/PHOTO-2021-08-08-20-44-51-1.jpg\" data-link=\"http:\/\/www.judo-lengede.de\/?attachment_id=1570\" class=\"wp-image-1570\" srcset=\"http:\/\/www.judo-lengede.de\/wp-content\/uploads\/2021\/09\/PHOTO-2021-08-08-20-44-51-1-300x200.jpg 300w, http:\/\/www.judo-lengede.de\/wp-content\/uploads\/2021\/09\/PHOTO-2021-08-08-20-44-51-1-1024x682.jpg 1024w, http:\/\/www.judo-lengede.de\/wp-content\/uploads\/2021\/09\/PHOTO-2021-08-08-20-44-51-1-768x512.jpg 768w, http:\/\/www.judo-lengede.de\/wp-content\/uploads\/2021\/09\/PHOTO-2021-08-08-20-44-51-1-1536x1023.jpg 1536w, http:\/\/www.judo-lengede.de\/wp-content\/uploads\/2021\/09\/PHOTO-2021-08-08-20-44-51-1.jpg 1600w\" sizes=\"(max-width: 300px) 100vw, 300px\" \/><\/a><\/figure><\/li><li class=\"blocks-gallery-item\"><figure><a href=\"http:\/\/www.judo-lengede.de\/wp-content\/uploads\/2021\/09\/PHOTO-2021-08-08-20-44-51-2.jpg\"><img loading=\"lazy\" width=\"300\" height=\"200\" src=\"http:\/\/www.judo-lengede.de\/wp-content\/uploads\/2021\/09\/PHOTO-2021-08-08-20-44-51-2-300x200.jpg\" alt=\"\" data-id=\"1571\" data-full-url=\"http:\/\/www.judo-lengede.de\/wp-content\/uploads\/2021\/09\/PHOTO-2021-08-08-20-44-51-2.jpg\" data-link=\"http:\/\/www.judo-lengede.de\/?attachment_id=1571\" class=\"wp-image-1571\" srcset=\"http:\/\/www.judo-lengede.de\/wp-content\/uploads\/2021\/09\/PHOTO-2021-08-08-20-44-51-2-300x200.jpg 300w, http:\/\/www.judo-lengede.de\/wp-content\/uploads\/2021\/09\/PHOTO-2021-08-08-20-44-51-2-1024x682.jpg 1024w, http:\/\/www.judo-lengede.de\/wp-content\/uploads\/2021\/09\/PHOTO-2021-08-08-20-44-51-2-768x512.jpg 768w, http:\/\/www.judo-lengede.de\/wp-content\/uploads\/2021\/09\/PHOTO-2021-08-08-20-44-51-2-1536x1023.jpg 1536w, http:\/\/www.judo-lengede.de\/wp-content\/uploads\/2021\/09\/PHOTO-2021-08-08-20-44-51-2.jpg 1600w\" sizes=\"(max-width: 300px) 100vw, 300px\" \/><\/a><\/figure><\/li><li class=\"blocks-gallery-item\"><figure><a href=\"http:\/\/www.judo-lengede.de\/wp-content\/uploads\/2021\/09\/PHOTO-2021-08-08-20-44-51.jpg\"><img loading=\"lazy\" width=\"300\" height=\"106\" src=\"http:\/\/www.judo-lengede.de\/wp-content\/uploads\/2021\/09\/PHOTO-2021-08-08-20-44-51-300x106.jpg\" alt=\"\" data-id=\"1572\" data-full-url=\"http:\/\/www.judo-lengede.de\/wp-content\/uploads\/2021\/09\/PHOTO-2021-08-08-20-44-51.jpg\" data-link=\"http:\/\/www.judo-lengede.de\/?attachment_id=1572\" class=\"wp-image-1572\" srcset=\"http:\/\/www.judo-lengede.de\/wp-content\/uploads\/2021\/09\/PHOTO-2021-08-08-20-44-51-300x106.jpg 300w, http:\/\/www.judo-lengede.de\/wp-content\/uploads\/2021\/09\/PHOTO-2021-08-08-20-44-51-1024x363.jpg 1024w, http:\/\/www.judo-lengede.de\/wp-content\/uploads\/2021\/09\/PHOTO-2021-08-08-20-44-51-768x272.jpg 768w, http:\/\/www.judo-lengede.de\/wp-content\/uploads\/2021\/09\/PHOTO-2021-08-08-20-44-51-1536x544.jpg 1536w, http:\/\/www.judo-lengede.de\/wp-content\/uploads\/2021\/09\/PHOTO-2021-08-08-20-44-51.jpg 1600w\" sizes=\"(max-width: 300px) 100vw, 300px\" \/><\/a><\/figure><\/li><\/ul><figcaption class=\"blocks-gallery-caption\">Fotos von Udo M\u00f6bus und privat<\/figcaption><\/figure>\n\n\n\n<p><\/p>\n\n\n\n<p>Wir hoffen auf einen guten Start ins restliche Judo Jahr.<br><br>Bleibt gesund<br>Euer Didi<\/p>\n","protected":false},"excerpt":{"rendered":"<p>Nach den Sommerferien haben wir wieder mit dem Training am Dienstag f\u00fcr die Kinder begonnen.Die Trainingszeit am Dienstag geht von 17:00 Uhr bis 18:15 Uhr.Ihr kommt \u00fcber den Notausgang der Halle auf Seite der Schwimmhalle rein. Die Gro\u00dfen waren bereits in den Ferien flei\u00dfig. Jugendzeltlager und G\u00fcrtelpr\u00fcfung Leonie Riedel war zum letztem Mal als Gast-&#8222;Kind&#8220; &hellip; <a href=\"http:\/\/www.judo-lengede.de\/?p=1566\" class=\"more-link\"><span class=\"screen-reader-text\">Sommerferien 2021 vorbei &#8230; alles auf Anfang<\/span> weiterlesen<\/a><\/p>\n","protected":false},"author":3,"featured_media":0,"comment_status":"open","ping_status":"open","sticky":false,"template":"","format":"standard","meta":[],"categories":[1],"tags":[],"_links":{"self":[{"href":"http:\/\/www.judo-lengede.de\/index.php?rest_route=\/wp\/v2\/posts\/1566"}],"collection":[{"href":"http:\/\/www.judo-lengede.de\/index.php?rest_route=\/wp\/v2\/posts"}],"about":[{"href":"http:\/\/www.judo-lengede.de\/index.php?rest_route=\/wp\/v2\/types\/post"}],"author":[{"embeddable":true,"href":"http:\/\/www.judo-lengede.de\/index.php?rest_route=\/wp\/v2\/users\/3"}],"replies":[{"embeddable":true,"href":"http:\/\/www.judo-lengede.de\/index.php?rest_route=%2Fwp%2Fv2%2Fcomments&post=1566"}],"version-history":[{"count":2,"href":"http:\/\/www.judo-lengede.de\/index.php?rest_route=\/wp\/v2\/posts\/1566\/revisions"}],"predecessor-version":[{"id":1574,"href":"http:\/\/www.judo-lengede.de\/index.php?rest_route=\/wp\/v2\/posts\/1566\/revisions\/1574"}],"wp:attachment":[{"href":"http:\/\/www.judo-lengede.de\/index.php?rest_route=%2Fwp%2Fv2%2Fmedia&parent=1566"}],"wp:term":[{"taxonomy":"category","embeddable":true,"href":"http:\/\/www.judo-lengede.de\/index.php?rest_route=%2Fwp%2Fv2%2Fcategories&post=1566"},{"taxonomy":"post_tag","embeddable":true,"href":"http:\/\/www.judo-lengede.de\/index.php?rest_route=%2Fwp%2Fv2%2Ftags&post=1566"}],"curies":[{"name":"wp","href":"https:\/\/api.w.org\/{rel}","templated":true}]}}