{"id":1655,"date":"2022-09-01T20:48:53","date_gmt":"2022-09-01T19:48:53","guid":{"rendered":"http:\/\/www.judo-lengede.de\/?p=1655"},"modified":"2022-09-02T09:54:55","modified_gmt":"2022-09-02T08:54:55","slug":"njv-judozeltlager-in-fuerstenau-settrup","status":"publish","type":"post","link":"http:\/\/www.judo-lengede.de\/?p=1655","title":{"rendered":"NJV Judozeltlager in F\u00fcrstenau-Settrup"},"content":{"rendered":"\n<p>Der Nieders\u00e4chsische Judo Verband bietet j\u00e4hrlich in den Sommerferien ein Judo Zeltlager f\u00fcr Kinder zwischen 9 und 14 Jahren an. Dieses Jahr hat Maxim die Zeltlagerluft geschnuppert und ist mit vielen neuen Eindr\u00fccken aus dem Judo und dem Freizeitbereich nach Hause gekommen.<\/p>\n\n\n\n<p>Neben der t\u00e4glichen Ration Judo gibt es die M\u00f6glichkeit am Ende eine G\u00fcrtelpr\u00fcfung abzulegen. Aber auch der Spass kommt nicht zu kurz. Es wurden viele Freizeitaktivit\u00e4ten im Freien durchgef\u00fchrt. Beispielhaft w\u00e4ren zu Erw\u00e4hnen die Detektiv runde, bei der spannende Aufgaben gel\u00f6\u00dft wurden, die Nachtwanderung, die Kinderdisko und die Lagerfeuer mit spannenden Geschichten. Die Highlight f\u00fcr die meisten Kinder war dann der Besuch des Freizeitparks.<\/p>\n\n\n\n<p>Ohne die vielen freundlichen und engagierten Betreuer w\u00e4re diese super Veranstaltung nicht m\u00f6glich gewesen.<\/p>\n\n\n\n<figure class=\"wp-block-gallery columns-3 is-cropped\"><ul class=\"blocks-gallery-grid\"><li class=\"blocks-gallery-item\"><figure><a href=\"http:\/\/www.judo-lengede.de\/wp-content\/uploads\/2022\/09\/298259889_5409370005790582_5878688767561192115_n.jpg\"><img loading=\"lazy\" width=\"960\" height=\"644\" src=\"http:\/\/www.judo-lengede.de\/wp-content\/uploads\/2022\/09\/298259889_5409370005790582_5878688767561192115_n.jpg\" alt=\"\" data-id=\"1658\" data-full-url=\"http:\/\/www.judo-lengede.de\/wp-content\/uploads\/2022\/09\/298259889_5409370005790582_5878688767561192115_n.jpg\" data-link=\"http:\/\/www.judo-lengede.de\/?attachment_id=1658\" class=\"wp-image-1658\" srcset=\"http:\/\/www.judo-lengede.de\/wp-content\/uploads\/2022\/09\/298259889_5409370005790582_5878688767561192115_n.jpg 960w, http:\/\/www.judo-lengede.de\/wp-content\/uploads\/2022\/09\/298259889_5409370005790582_5878688767561192115_n-300x201.jpg 300w, http:\/\/www.judo-lengede.de\/wp-content\/uploads\/2022\/09\/298259889_5409370005790582_5878688767561192115_n-768x515.jpg 768w\" sizes=\"(max-width: 960px) 100vw, 960px\" \/><\/a><\/figure><\/li><li class=\"blocks-gallery-item\"><figure><a href=\"http:\/\/www.judo-lengede.de\/wp-content\/uploads\/2022\/09\/298664413_5414870525240530_4142006118747811150_n.jpg\"><img loading=\"lazy\" width=\"819\" height=\"1024\" src=\"http:\/\/www.judo-lengede.de\/wp-content\/uploads\/2022\/09\/298664413_5414870525240530_4142006118747811150_n-819x1024.jpg\" alt=\"\" data-id=\"1659\" data-full-url=\"http:\/\/www.judo-lengede.de\/wp-content\/uploads\/2022\/09\/298664413_5414870525240530_4142006118747811150_n.jpg\" data-link=\"http:\/\/www.judo-lengede.de\/?attachment_id=1659\" class=\"wp-image-1659\" srcset=\"http:\/\/www.judo-lengede.de\/wp-content\/uploads\/2022\/09\/298664413_5414870525240530_4142006118747811150_n-819x1024.jpg 819w, http:\/\/www.judo-lengede.de\/wp-content\/uploads\/2022\/09\/298664413_5414870525240530_4142006118747811150_n-240x300.jpg 240w, http:\/\/www.judo-lengede.de\/wp-content\/uploads\/2022\/09\/298664413_5414870525240530_4142006118747811150_n-768x960.jpg 768w, http:\/\/www.judo-lengede.de\/wp-content\/uploads\/2022\/09\/298664413_5414870525240530_4142006118747811150_n-1229x1536.jpg 1229w, http:\/\/www.judo-lengede.de\/wp-content\/uploads\/2022\/09\/298664413_5414870525240530_4142006118747811150_n.jpg 1280w\" sizes=\"(max-width: 819px) 100vw, 819px\" \/><\/a><\/figure><\/li><li class=\"blocks-gallery-item\"><figure><a href=\"http:\/\/www.judo-lengede.de\/wp-content\/uploads\/2022\/09\/IMG-20220807-WA0070.jpg\"><img loading=\"lazy\" width=\"1024\" height=\"768\" src=\"http:\/\/www.judo-lengede.de\/wp-content\/uploads\/2022\/09\/IMG-20220807-WA0070-1024x768.jpg\" alt=\"\" data-id=\"1660\" data-full-url=\"http:\/\/www.judo-lengede.de\/wp-content\/uploads\/2022\/09\/IMG-20220807-WA0070.jpg\" data-link=\"http:\/\/www.judo-lengede.de\/?attachment_id=1660\" class=\"wp-image-1660\" srcset=\"http:\/\/www.judo-lengede.de\/wp-content\/uploads\/2022\/09\/IMG-20220807-WA0070-1024x768.jpg 1024w, http:\/\/www.judo-lengede.de\/wp-content\/uploads\/2022\/09\/IMG-20220807-WA0070-300x225.jpg 300w, http:\/\/www.judo-lengede.de\/wp-content\/uploads\/2022\/09\/IMG-20220807-WA0070-768x576.jpg 768w, http:\/\/www.judo-lengede.de\/wp-content\/uploads\/2022\/09\/IMG-20220807-WA0070-1536x1152.jpg 1536w, http:\/\/www.judo-lengede.de\/wp-content\/uploads\/2022\/09\/IMG-20220807-WA0070.jpg 1600w\" sizes=\"(max-width: 1024px) 100vw, 1024px\" \/><\/a><\/figure><\/li><li class=\"blocks-gallery-item\"><figure><a href=\"http:\/\/www.judo-lengede.de\/wp-content\/uploads\/2022\/09\/IMG-20220808-WA0038.jpg\"><img loading=\"lazy\" width=\"1024\" height=\"768\" src=\"http:\/\/www.judo-lengede.de\/wp-content\/uploads\/2022\/09\/IMG-20220808-WA0038-1024x768.jpg\" alt=\"\" data-id=\"1661\" data-full-url=\"http:\/\/www.judo-lengede.de\/wp-content\/uploads\/2022\/09\/IMG-20220808-WA0038.jpg\" data-link=\"http:\/\/www.judo-lengede.de\/?attachment_id=1661\" class=\"wp-image-1661\" srcset=\"http:\/\/www.judo-lengede.de\/wp-content\/uploads\/2022\/09\/IMG-20220808-WA0038-1024x768.jpg 1024w, http:\/\/www.judo-lengede.de\/wp-content\/uploads\/2022\/09\/IMG-20220808-WA0038-300x225.jpg 300w, http:\/\/www.judo-lengede.de\/wp-content\/uploads\/2022\/09\/IMG-20220808-WA0038-768x576.jpg 768w, http:\/\/www.judo-lengede.de\/wp-content\/uploads\/2022\/09\/IMG-20220808-WA0038-1536x1152.jpg 1536w, http:\/\/www.judo-lengede.de\/wp-content\/uploads\/2022\/09\/IMG-20220808-WA0038.jpg 1600w\" sizes=\"(max-width: 1024px) 100vw, 1024px\" \/><\/a><\/figure><\/li><li class=\"blocks-gallery-item\"><figure><a href=\"http:\/\/www.judo-lengede.de\/wp-content\/uploads\/2022\/09\/IMG-20220809-WA0013.jpg\"><img loading=\"lazy\" width=\"1024\" height=\"768\" src=\"http:\/\/www.judo-lengede.de\/wp-content\/uploads\/2022\/09\/IMG-20220809-WA0013-1024x768.jpg\" alt=\"\" data-id=\"1662\" data-full-url=\"http:\/\/www.judo-lengede.de\/wp-content\/uploads\/2022\/09\/IMG-20220809-WA0013.jpg\" data-link=\"http:\/\/www.judo-lengede.de\/?attachment_id=1662\" class=\"wp-image-1662\" srcset=\"http:\/\/www.judo-lengede.de\/wp-content\/uploads\/2022\/09\/IMG-20220809-WA0013-1024x768.jpg 1024w, http:\/\/www.judo-lengede.de\/wp-content\/uploads\/2022\/09\/IMG-20220809-WA0013-300x225.jpg 300w, http:\/\/www.judo-lengede.de\/wp-content\/uploads\/2022\/09\/IMG-20220809-WA0013-768x576.jpg 768w, http:\/\/www.judo-lengede.de\/wp-content\/uploads\/2022\/09\/IMG-20220809-WA0013-1536x1152.jpg 1536w, http:\/\/www.judo-lengede.de\/wp-content\/uploads\/2022\/09\/IMG-20220809-WA0013.jpg 1600w\" sizes=\"(max-width: 1024px) 100vw, 1024px\" \/><\/a><\/figure><\/li><li class=\"blocks-gallery-item\"><figure><a href=\"http:\/\/www.judo-lengede.de\/wp-content\/uploads\/2022\/09\/IMG-20220810-WA0007.jpg\"><img loading=\"lazy\" width=\"771\" height=\"1024\" src=\"http:\/\/www.judo-lengede.de\/wp-content\/uploads\/2022\/09\/IMG-20220810-WA0007-771x1024.jpg\" alt=\"\" data-id=\"1663\" data-full-url=\"http:\/\/www.judo-lengede.de\/wp-content\/uploads\/2022\/09\/IMG-20220810-WA0007.jpg\" data-link=\"http:\/\/www.judo-lengede.de\/?attachment_id=1663\" class=\"wp-image-1663\" srcset=\"http:\/\/www.judo-lengede.de\/wp-content\/uploads\/2022\/09\/IMG-20220810-WA0007-771x1024.jpg 771w, http:\/\/www.judo-lengede.de\/wp-content\/uploads\/2022\/09\/IMG-20220810-WA0007-226x300.jpg 226w, http:\/\/www.judo-lengede.de\/wp-content\/uploads\/2022\/09\/IMG-20220810-WA0007-768x1020.jpg 768w, http:\/\/www.judo-lengede.de\/wp-content\/uploads\/2022\/09\/IMG-20220810-WA0007-1157x1536.jpg 1157w, http:\/\/www.judo-lengede.de\/wp-content\/uploads\/2022\/09\/IMG-20220810-WA0007.jpg 1536w\" sizes=\"(max-width: 771px) 100vw, 771px\" \/><\/a><\/figure><\/li><\/ul><\/figure>\n","protected":false},"excerpt":{"rendered":"<p>Der Nieders\u00e4chsische Judo Verband bietet j\u00e4hrlich in den Sommerferien ein Judo Zeltlager f\u00fcr Kinder zwischen 9 und 14 Jahren an. Dieses Jahr hat Maxim die Zeltlagerluft geschnuppert und ist mit vielen neuen Eindr\u00fccken aus dem Judo und dem Freizeitbereich nach Hause gekommen. Neben der t\u00e4glichen Ration Judo gibt es die M\u00f6glichkeit am Ende eine G\u00fcrtelpr\u00fcfung &hellip; <a href=\"http:\/\/www.judo-lengede.de\/?p=1655\" class=\"more-link\"><span class=\"screen-reader-text\">NJV Judozeltlager in F\u00fcrstenau-Settrup<\/span> weiterlesen<\/a><\/p>\n","protected":false},"author":9,"featured_media":0,"comment_status":"open","ping_status":"open","sticky":false,"template":"","format":"standard","meta":[],"categories":[1],"tags":[],"_links":{"self":[{"href":"http:\/\/www.judo-lengede.de\/index.php?rest_route=\/wp\/v2\/posts\/1655"}],"collection":[{"href":"http:\/\/www.judo-lengede.de\/index.php?rest_route=\/wp\/v2\/posts"}],"about":[{"href":"http:\/\/www.judo-lengede.de\/index.php?rest_route=\/wp\/v2\/types\/post"}],"author":[{"embeddable":true,"href":"http:\/\/www.judo-lengede.de\/index.php?rest_route=\/wp\/v2\/users\/9"}],"replies":[{"embeddable":true,"href":"http:\/\/www.judo-lengede.de\/index.php?rest_route=%2Fwp%2Fv2%2Fcomments&post=1655"}],"version-history":[{"count":3,"href":"http:\/\/www.judo-lengede.de\/index.php?rest_route=\/wp\/v2\/posts\/1655\/revisions"}],"predecessor-version":[{"id":1664,"href":"http:\/\/www.judo-lengede.de\/index.php?rest_route=\/wp\/v2\/posts\/1655\/revisions\/1664"}],"wp:attachment":[{"href":"http:\/\/www.judo-lengede.de\/index.php?rest_route=%2Fwp%2Fv2%2Fmedia&parent=1655"}],"wp:term":[{"taxonomy":"category","embeddable":true,"href":"http:\/\/www.judo-lengede.de\/index.php?rest_route=%2Fwp%2Fv2%2Fcategories&post=1655"},{"taxonomy":"post_tag","embeddable":true,"href":"http:\/\/www.judo-lengede.de\/index.php?rest_route=%2Fwp%2Fv2%2Ftags&post=1655"}],"curies":[{"name":"wp","href":"https:\/\/api.w.org\/{rel}","templated":true}]}}