{"id":1723,"date":"2024-11-11T19:10:19","date_gmt":"2024-11-11T18:10:19","guid":{"rendered":"http:\/\/www.judo-lengede.de\/?p=1723"},"modified":"2024-11-11T19:10:19","modified_gmt":"2024-11-11T18:10:19","slug":"tag-der-offenen-tuer-des-tb-lengede","status":"publish","type":"post","link":"http:\/\/www.judo-lengede.de\/?p=1723","title":{"rendered":"Tag der offenen T\u00fcr des TB Lengede"},"content":{"rendered":"\n<p>Am Sonntag den 10.11.2024 fand der Tag der offenen T\u00fcr des TB Lengede statt. <\/p>\n\n\n\n<p>Es haben sich viele Abteilungen des Vereins vorgestellt. Unter anderem auch die Judo Abteilung. <\/p>\n\n\n\n<p><\/p>\n\n\n\n<p>Wir waren mit 22 Kindern und dem vierk\u00f6pfigen Trainerteam vertreten. <\/p>\n\n\n\n<p>Die Kinder konnten in der 10 min\u00fctigen Vorstellung ihr k\u00f6nnen, sowohl bei den Fall\u00fcbungen, als auch im Stand und Boden vorf\u00fchren. Vincent und Maico haben zum Schluss noch W\u00fcrfe der Nage No Kata vorgef\u00fchrt. <\/p>\n\n\n\n<figure class=\"wp-block-image size-large\"><a href=\"http:\/\/www.judo-lengede.de\/wp-content\/uploads\/2024\/11\/Tdot1.jpeg\"><img loading=\"lazy\" width=\"1024\" height=\"576\" src=\"http:\/\/www.judo-lengede.de\/wp-content\/uploads\/2024\/11\/Tdot1-1024x576.jpeg\" alt=\"\" class=\"wp-image-1724\" srcset=\"http:\/\/www.judo-lengede.de\/wp-content\/uploads\/2024\/11\/Tdot1-1024x576.jpeg 1024w, http:\/\/www.judo-lengede.de\/wp-content\/uploads\/2024\/11\/Tdot1-300x169.jpeg 300w, http:\/\/www.judo-lengede.de\/wp-content\/uploads\/2024\/11\/Tdot1-768x432.jpeg 768w, http:\/\/www.judo-lengede.de\/wp-content\/uploads\/2024\/11\/Tdot1-1536x864.jpeg 1536w, http:\/\/www.judo-lengede.de\/wp-content\/uploads\/2024\/11\/Tdot1.jpeg 2016w\" sizes=\"(max-width: 1024px) 100vw, 1024px\" \/><\/a><\/figure>\n","protected":false},"excerpt":{"rendered":"<p>Am Sonntag den 10.11.2024 fand der Tag der offenen T\u00fcr des TB Lengede statt. Es haben sich viele Abteilungen des Vereins vorgestellt. Unter anderem auch die Judo Abteilung. Wir waren mit 22 Kindern und dem vierk\u00f6pfigen Trainerteam vertreten. Die Kinder konnten in der 10 min\u00fctigen Vorstellung ihr k\u00f6nnen, sowohl bei den Fall\u00fcbungen, als auch im &hellip; <a href=\"http:\/\/www.judo-lengede.de\/?p=1723\" class=\"more-link\"><span class=\"screen-reader-text\">Tag der offenen T\u00fcr des TB Lengede<\/span> weiterlesen<\/a><\/p>\n","protected":false},"author":9,"featured_media":0,"comment_status":"open","ping_status":"open","sticky":false,"template":"","format":"standard","meta":[],"categories":[1],"tags":[],"_links":{"self":[{"href":"http:\/\/www.judo-lengede.de\/index.php?rest_route=\/wp\/v2\/posts\/1723"}],"collection":[{"href":"http:\/\/www.judo-lengede.de\/index.php?rest_route=\/wp\/v2\/posts"}],"about":[{"href":"http:\/\/www.judo-lengede.de\/index.php?rest_route=\/wp\/v2\/types\/post"}],"author":[{"embeddable":true,"href":"http:\/\/www.judo-lengede.de\/index.php?rest_route=\/wp\/v2\/users\/9"}],"replies":[{"embeddable":true,"href":"http:\/\/www.judo-lengede.de\/index.php?rest_route=%2Fwp%2Fv2%2Fcomments&post=1723"}],"version-history":[{"count":1,"href":"http:\/\/www.judo-lengede.de\/index.php?rest_route=\/wp\/v2\/posts\/1723\/revisions"}],"predecessor-version":[{"id":1725,"href":"http:\/\/www.judo-lengede.de\/index.php?rest_route=\/wp\/v2\/posts\/1723\/revisions\/1725"}],"wp:attachment":[{"href":"http:\/\/www.judo-lengede.de\/index.php?rest_route=%2Fwp%2Fv2%2Fmedia&parent=1723"}],"wp:term":[{"taxonomy":"category","embeddable":true,"href":"http:\/\/www.judo-lengede.de\/index.php?rest_route=%2Fwp%2Fv2%2Fcategories&post=1723"},{"taxonomy":"post_tag","embeddable":true,"href":"http:\/\/www.judo-lengede.de\/index.php?rest_route=%2Fwp%2Fv2%2Ftags&post=1723"}],"curies":[{"name":"wp","href":"https:\/\/api.w.org\/{rel}","templated":true}]}}