{"id":921,"date":"2017-12-03T18:15:14","date_gmt":"2017-12-03T17:15:14","guid":{"rendered":"http:\/\/www.judo-lengede.de\/?p=921"},"modified":"2017-12-15T22:22:33","modified_gmt":"2017-12-15T21:22:33","slug":"alte-judoka-mit-neuen-farben","status":"publish","type":"post","link":"http:\/\/www.judo-lengede.de\/?p=921","title":{"rendered":"&#8222;Alte&#8220; Judoka mit neuen Farben"},"content":{"rendered":"<p>Bereits im November, stellten sich zwei Judoka aus dem TBL einer Pr\u00fcfung au\u00dferhalb des Verein.<br \/>\nEs wurde bei ihnen, nach strengen Kriterien, in der Judo-Region Braunschweig, der <span style=\"color: #0000ff;\"><strong>blaue<\/strong><\/span> G\u00fcrtel (2. Kyu) abgepr\u00fcft.<br \/>\nLea Wrede hat die Pr\u00fcfungsaufgaben souver\u00e4n bew\u00e4tigt und bestand alle Aufgaben.<br \/>\nMarten Gey, hat alle F\u00e4cher ebenso gut bew\u00e4ltigt.\u00a0Am 04.12. nach der Nachpr\u00fcfung zur Ashi-waza-Gruppe, der Nage-no-kata, hat er final, die Pr\u00fcfung zum <strong><span style=\"color: #0000ff;\">blauen<\/span><\/strong> G\u00fcrtel souver\u00e4n abgeschlossen.<\/p>\n<p>Innerhalb des Verein, stand am 01.12.2017 die letzte Pr\u00fcfung in diesem Jahr an.<br \/>\nFolgende Judoka, sind verpflichtet die neue G\u00fcrtelfarbe zu tragen:<\/p>\n<p><strong><span style=\"color: #339966;\">gr\u00fcn<\/span><\/strong><span style=\"color: #339966;\"><span style=\"color: #000000;\">:<\/span><\/span><br \/>\n&#8211; Robert Fritzsche<\/p>\n<p><strong><span style=\"color: #ff6600;\">orange\u00a0<\/span>&#8211; <span style=\"color: #008000;\">gr\u00fcn<\/span><\/strong>:<br \/>\n&#8211; Tim D\u00fcren<br \/>\n&#8211; Philipp Forstmann<br \/>\n&#8211; Vincent Lickfett<\/p>\n<p><span style=\"color: #ff6600;\"><strong>orange<\/strong><\/span>:<br \/>\n&#8211; Paul Kurth<br \/>\nNachtrag:<br \/>\n&#8211; Eric Rogowski<br \/>\n&#8211; Clemens Lickfett<\/p>\n<p><span style=\"color: #9e9e2b;\"><strong>gelb\u00a0<\/strong><\/span>&#8211;\u00a0<span style=\"color: #ff6600;\"><strong>orange<\/strong><\/span>:<br \/>\n&#8211; Alina-Sophie Bosse<\/p>\n<p><span style=\"color: #999999;\"><strong>wei\u00df\u00a0<\/strong><\/span>&#8211;\u00a0<span style=\"color: #9e9e2b;\"><strong>gelb<\/strong><\/span>:<br \/>\n&#8211; Max Beyer<br \/>\n&#8211; David Genne<br \/>\n&#8211; Lukas Graf<\/p>\n<p>Wir gratulieren allen Judoka, zu ihrer bestandenen Pr\u00fcfung!<\/p>\n<p>Andreas *Didi* Dietrich<\/p>\n<figure id=\"attachment_926\" aria-describedby=\"caption-attachment-926\" style=\"width: 1357px\" class=\"wp-caption aligncenter\"><a href=\"http:\/\/www.judo-lengede.de\/wp-content\/uploads\/2017\/12\/Pr\u00fcflinge_Winter_2017.jpg\"><img loading=\"lazy\" class=\"size-full wp-image-926\" src=\"http:\/\/www.judo-lengede.de\/wp-content\/uploads\/2017\/12\/Pr\u00fcflinge_Winter_2017.jpg\" alt=\"\" width=\"1357\" height=\"1600\" srcset=\"http:\/\/www.judo-lengede.de\/wp-content\/uploads\/2017\/12\/Pr\u00fcflinge_Winter_2017.jpg 1357w, http:\/\/www.judo-lengede.de\/wp-content\/uploads\/2017\/12\/Pr\u00fcflinge_Winter_2017-254x300.jpg 254w, http:\/\/www.judo-lengede.de\/wp-content\/uploads\/2017\/12\/Pr\u00fcflinge_Winter_2017-768x906.jpg 768w, http:\/\/www.judo-lengede.de\/wp-content\/uploads\/2017\/12\/Pr\u00fcflinge_Winter_2017-868x1024.jpg 868w\" sizes=\"(max-width: 1357px) 100vw, 1357px\" \/><\/a><figcaption id=\"caption-attachment-926\" class=\"wp-caption-text\">von links oben:<br \/>Max Beyer, Lukas Graf, David Genne.<br \/>von links unten:<br \/>Alina-Sophie Bosse, Paul Kurth, Tim D\u00fcren, Robert Fritzsche, Philipp Forstmann, Vincent Lickfett.<\/figcaption><\/figure>\n","protected":false},"excerpt":{"rendered":"<p>Bereits im November, stellten sich zwei Judoka aus dem TBL einer Pr\u00fcfung au\u00dferhalb des Verein. Es wurde bei ihnen, nach strengen Kriterien, in der Judo-Region Braunschweig, der blaue G\u00fcrtel (2. Kyu) abgepr\u00fcft. Lea Wrede hat die Pr\u00fcfungsaufgaben souver\u00e4n bew\u00e4tigt und bestand alle Aufgaben. Marten Gey, hat alle F\u00e4cher ebenso gut bew\u00e4ltigt.\u00a0Am 04.12. nach der Nachpr\u00fcfung &hellip; <a href=\"http:\/\/www.judo-lengede.de\/?p=921\" class=\"more-link\"><span class=\"screen-reader-text\">&#8222;Alte&#8220; Judoka mit neuen Farben<\/span> weiterlesen<\/a><\/p>\n","protected":false},"author":3,"featured_media":0,"comment_status":"open","ping_status":"open","sticky":false,"template":"","format":"standard","meta":[],"categories":[1],"tags":[],"_links":{"self":[{"href":"http:\/\/www.judo-lengede.de\/index.php?rest_route=\/wp\/v2\/posts\/921"}],"collection":[{"href":"http:\/\/www.judo-lengede.de\/index.php?rest_route=\/wp\/v2\/posts"}],"about":[{"href":"http:\/\/www.judo-lengede.de\/index.php?rest_route=\/wp\/v2\/types\/post"}],"author":[{"embeddable":true,"href":"http:\/\/www.judo-lengede.de\/index.php?rest_route=\/wp\/v2\/users\/3"}],"replies":[{"embeddable":true,"href":"http:\/\/www.judo-lengede.de\/index.php?rest_route=%2Fwp%2Fv2%2Fcomments&post=921"}],"version-history":[{"count":9,"href":"http:\/\/www.judo-lengede.de\/index.php?rest_route=\/wp\/v2\/posts\/921\/revisions"}],"predecessor-version":[{"id":947,"href":"http:\/\/www.judo-lengede.de\/index.php?rest_route=\/wp\/v2\/posts\/921\/revisions\/947"}],"wp:attachment":[{"href":"http:\/\/www.judo-lengede.de\/index.php?rest_route=%2Fwp%2Fv2%2Fmedia&parent=921"}],"wp:term":[{"taxonomy":"category","embeddable":true,"href":"http:\/\/www.judo-lengede.de\/index.php?rest_route=%2Fwp%2Fv2%2Fcategories&post=921"},{"taxonomy":"post_tag","embeddable":true,"href":"http:\/\/www.judo-lengede.de\/index.php?rest_route=%2Fwp%2Fv2%2Ftags&post=921"}],"curies":[{"name":"wp","href":"https:\/\/api.w.org\/{rel}","templated":true}]}}